{"id":2573,"global_id":"kirchenchor-vorst.de?id=2573","global_id_lineage":["kirchenchor-vorst.de?id=2573"],"author":"1","status":"publish","date":"2025-04-14 18:07:05","date_utc":"2025-04-14 18:07:05","modified":"2025-04-14 18:07:05","modified_utc":"2025-04-14 18:07:05","url":"https:\/\/kirchenchor-vorst.de\/?tribe_events=chorproben-mit-elena-baer-jetzt-wieder-jeden-donnerstag","rest_url":"https:\/\/kirchenchor-vorst.de\/index.php?rest_route=\/tribe\/events\/v1\/events\/2573","title":"Chorproben mit Elena B\u00e4r jetzt wieder jeden Donnerstag","description":"<p>Zum <span style=\"color: #ff0000;\">01.05.2025<\/span> \u00fcbernimmt unsere fr\u00fchere Chorleiterin &#8211; <span style=\"color: #ff0000;\">Elena B\u00e4r<\/span> &#8211; wieder den Kirchenchor Vorst.<br \/>\nDie Proben finden ab dem <span style=\"color: #ff0000;\">08.Mai 202<\/span>5 wieder jeden <span style=\"color: #ff0000;\">Donnerstag<\/span> statt.<\/p>","excerpt":"","slug":"chorproben-mit-elena-baer-jetzt-wieder-jeden-donnerstag","image":false,"all_day":false,"start_date":"2025-05-08 20:00:00","start_date_details":{"year":"2025","month":"05","day":"08","hour":"20","minutes":"00","seconds":"00"},"end_date":"2025-05-08 22:00:00","end_date_details":{"year":"2025","month":"05","day":"08","hour":"22","minutes":"00","seconds":"00"},"utc_start_date":"2025-05-08 20:00:00","utc_start_date_details":{"year":"2025","month":"05","day":"08","hour":"20","minutes":"00","seconds":"00"},"utc_end_date":"2025-05-08 22:00:00","utc_end_date_details":{"year":"2025","month":"05","day":"08","hour":"22","minutes":"00","seconds":"00"},"timezone":"UTC+0","timezone_abbr":"UTC+0","cost":"","cost_details":{"currency_symbol":"$","currency_code":"USD","currency_position":"prefix","values":[]},"website":"","show_map":true,"show_map_link":true,"hide_from_listings":false,"sticky":false,"featured":false,"categories":[],"tags":[],"venue":{"id":902,"author":"1","status":"publish","date":"2023-09-25 16:51:36","date_utc":"2023-09-25 16:51:36","modified":"2023-09-29 14:20:59","modified_utc":"2023-09-29 14:20:59","url":"https:\/\/kirchenchor-vorst.de\/?tribe_venue=pfarrzentrum","venue":"Pfarrzentrum-Vorst","slug":"pfarrzentrum","city":"Kaarst-Vorst","json_ld":{"@type":"Place","name":"Pfarrzentrum-Vorst","description":"","url":"","address":{"@type":"PostalAddress","addressLocality":"Kaarst-Vorst"},"telephone":"","sameAs":""},"show_map":true,"show_map_link":true,"global_id":"kirchenchor-vorst.de?id=902","global_id_lineage":["kirchenchor-vorst.de?id=902"]},"organizer":[],"json_ld":{"@context":"http:\/\/schema.org","@type":"Event","name":"Chorproben mit Elena B\u00e4r jetzt wieder jeden Donnerstag","description":"&lt;p&gt;Zum 01.05.2025 \u00fcbernimmt unsere fr\u00fchere Chorleiterin - Elena B\u00e4r - wieder den Kirchenchor Vorst. Die Proben finden ab dem 08.Mai 2025 wieder jeden Donnerstag statt.&lt;\/p&gt;\\n","url":"https:\/\/kirchenchor-vorst.de\/?tribe_events=chorproben-mit-elena-baer-jetzt-wieder-jeden-donnerstag","eventAttendanceMode":"https:\/\/schema.org\/OfflineEventAttendanceMode","eventStatus":"https:\/\/schema.org\/EventScheduled","startDate":"2025-05-08T20:00:00+00:00","endDate":"2025-05-08T22:00:00+00:00","location":{"@type":"Place","name":"Pfarrzentrum-Vorst","description":"","url":"","address":{"@type":"PostalAddress","addressLocality":"Kaarst-Vorst"},"telephone":"","sameAs":""},"performer":"Organization"}}